{"id":1421,"date":"2014-09-19T08:51:12","date_gmt":"2014-09-19T06:51:12","guid":{"rendered":"http:\/\/www.dzamija.net\/?p=1421"},"modified":"2014-09-19T08:51:12","modified_gmt":"2014-09-19T06:51:12","slug":"zasto-mekteb","status":"publish","type":"post","link":"https:\/\/igbd-nuernberg.de\/de\/2014\/09\/19\/zasto-mekteb\/","title":{"rendered":"ZA\u0160TO MEKTEB"},"content":{"rendered":"<p>Tebi koji se pita\u0161, za\u0161to mekteb?<\/p>\n<p>Tebi koga pitaju, za\u0161to da \u0161aljem djecu u mekteb?<\/p>\n<p><strong>ODGOVOR, DA SHVATI\u0160 I DRUGE OPOMENE\u0160<\/strong>&#8230;.<\/p>\n<p>&nbsp;<\/p>\n<ol>\n<li><strong>Odgajanje djece u duhu islama i podu\u010davanje i islamu je <\/strong><strong>jedna<\/strong> <strong>od<\/strong> <strong>glavnih<\/strong> <strong>islamskih<\/strong> <strong>du<\/strong><strong>\u017e<\/strong><strong>nosti<\/strong><strong>. <\/strong><strong>Muhammed a. s. je rekao<\/strong>:<br \/>\n<em>&#8220;Roditelj je obevezan prema djetetu: da mu da lijepo muslimansko ime, da ga lijepo odgoji, da ga podu\u010di pismenosti, plivanju i ratnim vje\u0161tinama, da ga izdr\u017eava imovinom zara\u0111enom na dozvoljen na\u010din i da ga o\u017eeni, odnosno, ako je k\u0107erka, uda kad do\u0111e vrijeme za to.&#8221;<\/em><\/li>\n<li><strong>Podu\u010deno djete islamu jeste na\u0161a izv\u0161ena obaveze koja \u010duva nas i na\u0161u djecu od d\u017eehennemske vatre. <\/strong>Allah d\u017e. \u0161. ka\u017ee u Kur'anu:<br \/>\n&#8220;O <em>vi<\/em> <em>koji<\/em> <em>vjerujete<\/em><em>, <\/em><em>sebe<\/em> <em>i<\/em> <em>svoje<\/em> <em>porodice<\/em><em> \u010d<\/em><em>uvajte<\/em> <em>od<\/em> <em>vatre<\/em><em> \u010d<\/em><em>ije<\/em><em> \u0107<\/em><em>e<\/em> <em>gorivo<\/em> <em>ljudi<\/em> <em>i<\/em> <em>kamenje<\/em> <em>biti<\/em> <em>i<\/em> <em>o<\/em> <em>kojoj<\/em><em> \u0107<\/em><em>e<\/em> <em>se<\/em> <em>meleki<\/em> <em>strogl<\/em> <em>i<\/em> <em>sna<\/em><em>\u017e<\/em><em>ni<\/em> <em>brinuti<\/em><em>, <\/em><em>koji<\/em> <em>se<\/em> <em>onome<\/em><em> \u0161<\/em><em>to<\/em> <em>im<\/em> <em>Allah<\/em> <em>zapovijeda<\/em> <em>ne<\/em><em>\u0107<\/em><em>e<\/em> <em>opirati<\/em><em>, <\/em><em>i<\/em> <em>koji<\/em><em> \u0107<\/em><em>e<\/em> <em>ono<\/em><em> \u0161<\/em><em>to<\/em> <em>im<\/em> <em>se<\/em> <em>naredi<\/em> <em>izvr<\/em><em>\u0161<\/em><em>iti<\/em><em>.&#8221; <\/em>(<span style=\"color: #ff9900;\">Et \u2011 Tahrim, 6. ajet<\/span>)<\/li>\n<li><strong>Odgojeno i podu\u010deno djetete koristi nam i na Ahiretu<\/strong> :<br \/>\n<em>&#8220;Kada \u010dovjek umre prekida se mogu\u0107nost pristizanja sevaba za dobra djela osim u 3 slu\u010daja:<br \/>\na) ako je iza sebe ostavio valjano i hairli u islamu odgojeno dijete koje mu dovu \u010dini,<br \/>\nb) ako je ostavio trajnu sadaku \u2011 vakuf, koji i poslije njegove smrti koristi ljudima i<br \/>\nc) znanje kojim se ljudi koriste i poslije njegove smrti.&#8221;<\/em><\/li>\n<li><strong>Preno\u0161enje propisa vjere djetetu je klju\u010d<\/strong> <strong> moga ali i uspjeha moga djeteta<\/strong>.<br \/>\n<em>&#8220;Naredi \u010deljadi svojoj da obavlja namaz i istraj u tome. <\/em><em>Mi ne pitamo tebe za nafaku. Mi \u0107emo ti nafaku osigurati! A samo one koji se Allaha budu bojaii i grijeha klonili \u010deka lijep svr\u0161etak.&#8221;<\/em> (<span style=\"color: #ff9900;\">Kur\u00b4an, sura Taha, 132. ajet<\/span>)<\/li>\n<li><strong>Upoznavanje djece sa onim \u0161to je zabranjeno( haram) i njegovim posljedicama doprinose i trajnom \u010duvanju djece od harama.<\/strong><strong>.<\/strong><\/li>\n<li><strong>Mogu\u0107nost upoznavanja i dru\u017eenja sa drugom muslimanskom djecom i da se kada do\u0111e vrijeme za to, in\u0161aallah o\u017eene muslimankom ili udaju za muslimana<\/strong>.<\/li>\n<li><strong>Izgradnja <\/strong><strong>privr<\/strong><strong>\u017e<\/strong><strong>enost<\/strong><strong>i <\/strong><strong>prema<\/strong> <strong>d<\/strong><strong>\u017e<\/strong><strong>ematu<\/strong> <strong>i<\/strong> <strong>Islamskoj<\/strong> <strong>zajednici<\/strong><strong>, <\/strong><strong>prema<\/strong> <strong>svojoj<\/strong> <strong>domovini<\/strong> <strong>Bosni<\/strong> <strong>i<\/strong> <strong>Hercegovini<\/strong><strong>, <\/strong><strong>Sand<\/strong><strong>\u017e<\/strong><strong>aku<\/strong> <strong>i<\/strong> <strong>Njema<\/strong><strong>\u010dkoj al<\/strong><strong>i i<\/strong> <strong>prema<\/strong> <strong>svemu<\/strong> <strong>drugom<\/strong><strong> \u0161<\/strong><strong>to<\/strong> <strong>je<\/strong> <strong>napredno<\/strong> <strong>i<\/strong> <strong>humano<\/strong><strong>.<\/strong><\/li>\n<li><strong>\u0160<\/strong><strong>kole<\/strong> <strong>obrazuju<\/strong> <strong>djecu<\/strong><strong>, <\/strong><strong>a<\/strong> <strong>li<\/strong> <strong>ih<\/strong> <strong>ne<\/strong> <strong>odgajaju<\/strong><strong>, <\/strong><strong>posebno<\/strong> <strong>ne<\/strong> <strong>u<\/strong> <strong>islamskom<\/strong> <strong>duhu<\/strong><strong>. <\/strong><strong>Muhammed<\/strong> <strong>a<\/strong><strong>. <\/strong><strong>s<\/strong><strong>. <\/strong><strong>je<\/strong> <strong>rekao<\/strong>:<br \/>\n<em>&#8220;<\/em><em>Koga<\/em><em>, <\/em><em>kako<\/em> <em>treba<\/em><em>, <\/em><em>ne<\/em> <em>odgoje<\/em> <em>roditelji<\/em><em>, <\/em><em>odgoji<\/em><em>\u0107<\/em><em>e<\/em> <em>ga<\/em> <em>vrijeme<\/em><em>.&#8221; <\/em>Ja ne\u0107u da odgoj svoje djece prepu\u0161tam slu\u010daju i vremenu!<\/li>\n<li><strong>Mekteb je mjesto gdje uz pomo\u0107 str<\/strong><strong>u\u010dnih i obrazovanih odgajatelja imam priliku da odgojim dijete, da ga usmjerim i naviknem na d\u017eematsko \u017eivljenje i djelovanje i da na taj na\u010din postignem uspijeh u odgoju<\/strong><strong>.<\/strong><\/li>\n<\/ol>\n<p>&nbsp;<\/p>\n<p><strong>Mektebska nastava nema alternativu, zato je i ne tra\u017ei<\/strong>&#8230; Upi\u0161i dijete na mektebsku pouku, pozovi prijatelja i poznanika na ovu obavezu&#8230;<\/p>\n<p>&nbsp;<\/p>\n<p><strong>\u00a0\u00a0\u00a0\u00a0\u00a0\u00a0 \u00abU MEKTEBU VI\u0160E POLAZNIKA U VJERI VI\u0160E NASLJEDNIKA\u00bb<\/strong><\/p>\n<p>&nbsp;<\/p>","protected":false},"excerpt":{"rendered":"<p>Tebi koji se pita\u0161, za\u0161to mekteb? Tebi koga pitaju, za\u0161to da \u0161aljem djecu u mekteb? ODGOVOR, DA SHVATI\u0160 I DRUGE OPOMENE\u0160&#8230;. &nbsp; Odgajanje djece u duhu islama i podu\u010davanje i islamu je jedna od glavnih islamskih du\u017enosti. Muhammed a. s. je rekao: &#8220;Roditelj je obevezan prema djetetu: da mu da lijepo muslimansko ime, da ga [&hellip;]<\/p>\n","protected":false},"author":1,"featured_media":1418,"comment_status":"closed","ping_status":"closed","sticky":false,"template":"","format":"standard","meta":{"give_campaign_id":0,"site-sidebar-layout":"default","site-content-layout":"","ast-site-content-layout":"default","site-content-style":"default","site-sidebar-style":"default","ast-global-header-display":"","ast-banner-title-visibility":"","ast-main-header-display":"","ast-hfb-above-header-display":"","ast-hfb-below-header-display":"","ast-hfb-mobile-header-display":"","site-post-title":"","ast-breadcrumbs-content":"","ast-featured-img":"","footer-sml-layout":"","ast-disable-related-posts":"","theme-transparent-header-meta":"","adv-header-id-meta":"","stick-header-meta":"","header-above-stick-meta":"","header-main-stick-meta":"","header-below-stick-meta":"","astra-migrate-meta-layouts":"default","ast-page-background-enabled":"default","ast-page-background-meta":{"desktop":{"background-color":"","background-image":"","background-repeat":"repeat","background-position":"center center","background-size":"auto","background-attachment":"scroll","background-type":"","background-media":"","overlay-type":"","overlay-color":"","overlay-opacity":"","overlay-gradient":""},"tablet":{"background-color":"","background-image":"","background-repeat":"repeat","background-position":"center center","background-size":"auto","background-attachment":"scroll","background-type":"","background-media":"","overlay-type":"","overlay-color":"","overlay-opacity":"","overlay-gradient":""},"mobile":{"background-color":"","background-image":"","background-repeat":"repeat","background-position":"center center","background-size":"auto","background-attachment":"scroll","background-type":"","background-media":"","overlay-type":"","overlay-color":"","overlay-opacity":"","overlay-gradient":""}},"ast-content-background-meta":{"desktop":{"background-color":"var(--ast-global-color-5)","background-image":"","background-repeat":"repeat","background-position":"center center","background-size":"auto","background-attachment":"scroll","background-type":"","background-media":"","overlay-type":"","overlay-color":"","overlay-opacity":"","overlay-gradient":""},"tablet":{"background-color":"var(--ast-global-color-5)","background-image":"","background-repeat":"repeat","background-position":"center center","background-size":"auto","background-attachment":"scroll","background-type":"","background-media":"","overlay-type":"","overlay-color":"","overlay-opacity":"","overlay-gradient":""},"mobile":{"background-color":"var(--ast-global-color-5)","background-image":"","background-repeat":"repeat","background-position":"center center","background-size":"auto","background-attachment":"scroll","background-type":"","background-media":"","overlay-type":"","overlay-color":"","overlay-opacity":"","overlay-gradient":""}},"footnotes":""},"categories":[54,17],"tags":[152,18,154,155],"class_list":["post-1421","post","type-post","status-publish","format-standard","has-post-thumbnail","hentry","category-aktuelles","category-mekteb","tag-et-tahrim","tag-mekteb-2","tag-muhammed","tag-taha"],"_links":{"self":[{"href":"https:\/\/igbd-nuernberg.de\/de\/wp-json\/wp\/v2\/posts\/1421","targetHints":{"allow":["GET"]}}],"collection":[{"href":"https:\/\/igbd-nuernberg.de\/de\/wp-json\/wp\/v2\/posts"}],"about":[{"href":"https:\/\/igbd-nuernberg.de\/de\/wp-json\/wp\/v2\/types\/post"}],"author":[{"embeddable":true,"href":"https:\/\/igbd-nuernberg.de\/de\/wp-json\/wp\/v2\/users\/1"}],"replies":[{"embeddable":true,"href":"https:\/\/igbd-nuernberg.de\/de\/wp-json\/wp\/v2\/comments?post=1421"}],"version-history":[{"count":0,"href":"https:\/\/igbd-nuernberg.de\/de\/wp-json\/wp\/v2\/posts\/1421\/revisions"}],"wp:featuredmedia":[{"embeddable":true,"href":"https:\/\/igbd-nuernberg.de\/de\/wp-json\/"}],"wp:attachment":[{"href":"https:\/\/igbd-nuernberg.de\/de\/wp-json\/wp\/v2\/media?parent=1421"}],"wp:term":[{"taxonomy":"category","embeddable":true,"href":"https:\/\/igbd-nuernberg.de\/de\/wp-json\/wp\/v2\/categories?post=1421"},{"taxonomy":"post_tag","embeddable":true,"href":"https:\/\/igbd-nuernberg.de\/de\/wp-json\/wp\/v2\/tags?post=1421"}],"curies":[{"name":"wp","href":"https:\/\/api.w.org\/{rel}","templated":true}]}}